{"id":1041,"date":"2024-02-16T16:00:43","date_gmt":"2024-02-16T19:00:43","guid":{"rendered":"https:\/\/apaecl.org.br\/?p=1041"},"modified":"2024-02-16T16:00:43","modified_gmt":"2024-02-16T19:00:43","slug":"arraial-apae","status":"publish","type":"post","link":"https:\/\/apaecl.org.br\/index.php\/2024\/02\/16\/arraial-apae\/","title":{"rendered":"ARRAIAL APAE"},"content":{"rendered":"\n<p class=\"has-black-color has-text-color has-link-color wp-elements-2dcf6dfc73d14fcb8f62382f5625fc70\">Tradicional Festa Junina que acontece h\u00e1 muitos anos na institui\u00e7\u00e3o, e \u00e9 uma oportunidade de atrair a comunidade para efetivamente fazerem parte das a\u00e7\u00f5es culturais leg\u00edtimas da institui\u00e7\u00e3o. Esse momento aconteceu com parceria do Clube Recreativo Dom Pedro II.<\/p>\n\n\n\n<figure class=\"wp-block-image size-large is-resized\"><img loading=\"lazy\" decoding=\"async\" width=\"1024\" height=\"771\" src=\"https:\/\/apaecl.org.br\/wp-content\/uploads\/2023\/12\/WhatsApp-Image-2023-08-16-at-21.23.03-1024x771.jpeg\" alt=\"\" class=\"wp-image-923\" style=\"width:467px;height:auto\" srcset=\"https:\/\/apaecl.org.br\/wp-content\/uploads\/2023\/12\/WhatsApp-Image-2023-08-16-at-21.23.03-1024x771.jpeg 1024w, https:\/\/apaecl.org.br\/wp-content\/uploads\/2023\/12\/WhatsApp-Image-2023-08-16-at-21.23.03-300x226.jpeg 300w, https:\/\/apaecl.org.br\/wp-content\/uploads\/2023\/12\/WhatsApp-Image-2023-08-16-at-21.23.03-768x578.jpeg 768w, https:\/\/apaecl.org.br\/wp-content\/uploads\/2023\/12\/WhatsApp-Image-2023-08-16-at-21.23.03-1536x1156.jpeg 1536w, https:\/\/apaecl.org.br\/wp-content\/uploads\/2023\/12\/WhatsApp-Image-2023-08-16-at-21.23.03.jpeg 1600w\" sizes=\"(max-width: 1024px) 100vw, 1024px\" \/><\/figure>\n\n\n\n<figure class=\"wp-block-image size-large is-resized\"><img loading=\"lazy\" decoding=\"async\" width=\"1024\" height=\"768\" src=\"https:\/\/apaecl.org.br\/wp-content\/uploads\/2024\/02\/WhatsApp-Image-2023-08-16-at-21.23.09-1024x768.jpeg\" alt=\"\" class=\"wp-image-1042\" style=\"width:465px;height:auto\" srcset=\"https:\/\/apaecl.org.br\/wp-content\/uploads\/2024\/02\/WhatsApp-Image-2023-08-16-at-21.23.09-1024x768.jpeg 1024w, https:\/\/apaecl.org.br\/wp-content\/uploads\/2024\/02\/WhatsApp-Image-2023-08-16-at-21.23.09-300x225.jpeg 300w, https:\/\/apaecl.org.br\/wp-content\/uploads\/2024\/02\/WhatsApp-Image-2023-08-16-at-21.23.09-768x576.jpeg 768w, https:\/\/apaecl.org.br\/wp-content\/uploads\/2024\/02\/WhatsApp-Image-2023-08-16-at-21.23.09.jpeg 1280w\" sizes=\"(max-width: 1024px) 100vw, 1024px\" \/><\/figure>\n\n\n\n<figure class=\"wp-block-image size-large is-resized\"><img loading=\"lazy\" decoding=\"async\" width=\"1024\" height=\"771\" src=\"https:\/\/apaecl.org.br\/wp-content\/uploads\/2023\/12\/WhatsApp-Image-2023-08-16-at-21.23.05-1-1024x771.jpeg\" alt=\"\" class=\"wp-image-924\" style=\"width:469px;height:auto\" srcset=\"https:\/\/apaecl.org.br\/wp-content\/uploads\/2023\/12\/WhatsApp-Image-2023-08-16-at-21.23.05-1-1024x771.jpeg 1024w, https:\/\/apaecl.org.br\/wp-content\/uploads\/2023\/12\/WhatsApp-Image-2023-08-16-at-21.23.05-1-300x226.jpeg 300w, https:\/\/apaecl.org.br\/wp-content\/uploads\/2023\/12\/WhatsApp-Image-2023-08-16-at-21.23.05-1-768x578.jpeg 768w, https:\/\/apaecl.org.br\/wp-content\/uploads\/2023\/12\/WhatsApp-Image-2023-08-16-at-21.23.05-1-1536x1156.jpeg 1536w, https:\/\/apaecl.org.br\/wp-content\/uploads\/2023\/12\/WhatsApp-Image-2023-08-16-at-21.23.05-1.jpeg 1600w\" sizes=\"(max-width: 1024px) 100vw, 1024px\" \/><\/figure>\n","protected":false},"excerpt":{"rendered":"<p>Tradicional Festa Junina que acontece h\u00e1 muitos anos na institui\u00e7\u00e3o, e \u00e9 uma oportunidade de atrair a comunidade para efetivamente fazerem parte das a\u00e7\u00f5es culturais leg\u00edtimas da institui\u00e7\u00e3o. Esse momento aconteceu com parceria do Clube Recreativo Dom Pedro II.<\/p>\n","protected":false},"author":2,"featured_media":1042,"comment_status":"open","ping_status":"open","sticky":false,"template":"","format":"standard","meta":{"footnotes":""},"categories":[1],"tags":[],"class_list":["post-1041","post","type-post","status-publish","format-standard","has-post-thumbnail","hentry","category-blog"],"_links":{"self":[{"href":"https:\/\/apaecl.org.br\/index.php\/wp-json\/wp\/v2\/posts\/1041"}],"collection":[{"href":"https:\/\/apaecl.org.br\/index.php\/wp-json\/wp\/v2\/posts"}],"about":[{"href":"https:\/\/apaecl.org.br\/index.php\/wp-json\/wp\/v2\/types\/post"}],"author":[{"embeddable":true,"href":"https:\/\/apaecl.org.br\/index.php\/wp-json\/wp\/v2\/users\/2"}],"replies":[{"embeddable":true,"href":"https:\/\/apaecl.org.br\/index.php\/wp-json\/wp\/v2\/comments?post=1041"}],"version-history":[{"count":1,"href":"https:\/\/apaecl.org.br\/index.php\/wp-json\/wp\/v2\/posts\/1041\/revisions"}],"predecessor-version":[{"id":1043,"href":"https:\/\/apaecl.org.br\/index.php\/wp-json\/wp\/v2\/posts\/1041\/revisions\/1043"}],"wp:featuredmedia":[{"embeddable":true,"href":"https:\/\/apaecl.org.br\/index.php\/wp-json\/wp\/v2\/media\/1042"}],"wp:attachment":[{"href":"https:\/\/apaecl.org.br\/index.php\/wp-json\/wp\/v2\/media?parent=1041"}],"wp:term":[{"taxonomy":"category","embeddable":true,"href":"https:\/\/apaecl.org.br\/index.php\/wp-json\/wp\/v2\/categories?post=1041"},{"taxonomy":"post_tag","embeddable":true,"href":"https:\/\/apaecl.org.br\/index.php\/wp-json\/wp\/v2\/tags?post=1041"}],"curies":[{"name":"wp","href":"https:\/\/api.w.org\/{rel}","templated":true}]}}