{"id":1044,"date":"2024-02-16T16:05:28","date_gmt":"2024-02-16T19:05:28","guid":{"rendered":"https:\/\/apaecl.org.br\/?p=1044"},"modified":"2024-02-16T16:05:28","modified_gmt":"2024-02-16T19:05:28","slug":"comemoracao-da-semana-nacional-da-pessoa-com-deficiencia-itelectual-e-multipla-2","status":"publish","type":"post","link":"https:\/\/apaecl.org.br\/index.php\/2024\/02\/16\/comemoracao-da-semana-nacional-da-pessoa-com-deficiencia-itelectual-e-multipla-2\/","title":{"rendered":"COMEMORA\u00c7\u00c3O DA SEMANA NACIONAL DA PESSOA COM DEFICI\u00caNCIA ITELECTUAL E MULTIPLA\u00a0"},"content":{"rendered":"\n<p>De 21 a 27\/8 \u00e9 comemorada a\u00a0Semana Nacional da Pessoa com Defici\u00eancia Intelectual e M\u00faltipla. A data foi institu\u00edda pela\u00a0<a href=\"http:\/\/www.planalto.gov.br\/ccivil_03\/_ato2015-2018\/2017\/lei\/L13585.htm\">Lei n\u00ba 13.585\/2.017<\/a>\u00a0e\u00a0visa ao desenvolvimento de conte\u00fados para conscientizar a sociedade sobre as necessidades espec\u00edficas de organiza\u00e7\u00e3o social e de pol\u00edticas p\u00fablicas para promover a inclus\u00e3o social desse segmento populacional e para combater o preconceito e a discrimina\u00e7\u00e3o.<\/p>\n\n\n\n<figure class=\"wp-block-image size-large is-resized\"><img loading=\"lazy\" decoding=\"async\" width=\"1024\" height=\"683\" src=\"https:\/\/apaecl.org.br\/wp-content\/uploads\/2023\/12\/IMG_4519-1024x683.jpg\" alt=\"\" class=\"wp-image-892\" style=\"width:466px;height:auto\" srcset=\"https:\/\/apaecl.org.br\/wp-content\/uploads\/2023\/12\/IMG_4519-1024x683.jpg 1024w, https:\/\/apaecl.org.br\/wp-content\/uploads\/2023\/12\/IMG_4519-300x200.jpg 300w, https:\/\/apaecl.org.br\/wp-content\/uploads\/2023\/12\/IMG_4519-768x512.jpg 768w, https:\/\/apaecl.org.br\/wp-content\/uploads\/2023\/12\/IMG_4519-1536x1024.jpg 1536w, https:\/\/apaecl.org.br\/wp-content\/uploads\/2023\/12\/IMG_4519-2048x1365.jpg 2048w\" sizes=\"(max-width: 1024px) 100vw, 1024px\" \/><\/figure>\n\n\n\n<figure class=\"wp-block-image size-full is-resized\"><img loading=\"lazy\" decoding=\"async\" width=\"2560\" height=\"1707\" src=\"https:\/\/apaecl.org.br\/wp-content\/uploads\/2023\/12\/IMG_4537-scaled.jpg\" alt=\"\" class=\"wp-image-894\" style=\"width:468px;height:auto\" srcset=\"https:\/\/apaecl.org.br\/wp-content\/uploads\/2023\/12\/IMG_4537-scaled.jpg 2560w, https:\/\/apaecl.org.br\/wp-content\/uploads\/2023\/12\/IMG_4537-300x200.jpg 300w, https:\/\/apaecl.org.br\/wp-content\/uploads\/2023\/12\/IMG_4537-1024x683.jpg 1024w, https:\/\/apaecl.org.br\/wp-content\/uploads\/2023\/12\/IMG_4537-768x512.jpg 768w, https:\/\/apaecl.org.br\/wp-content\/uploads\/2023\/12\/IMG_4537-1536x1024.jpg 1536w, https:\/\/apaecl.org.br\/wp-content\/uploads\/2023\/12\/IMG_4537-2048x1365.jpg 2048w\" sizes=\"(max-width: 2560px) 100vw, 2560px\" \/><\/figure>\n\n\n\n<figure class=\"wp-block-image size-large is-resized\"><img loading=\"lazy\" decoding=\"async\" width=\"1024\" height=\"683\" src=\"https:\/\/apaecl.org.br\/wp-content\/uploads\/2023\/12\/IMG_4530-1024x683.jpg\" alt=\"\" class=\"wp-image-893\" style=\"width:466px;height:auto\" srcset=\"https:\/\/apaecl.org.br\/wp-content\/uploads\/2023\/12\/IMG_4530-1024x683.jpg 1024w, https:\/\/apaecl.org.br\/wp-content\/uploads\/2023\/12\/IMG_4530-300x200.jpg 300w, https:\/\/apaecl.org.br\/wp-content\/uploads\/2023\/12\/IMG_4530-768x512.jpg 768w, https:\/\/apaecl.org.br\/wp-content\/uploads\/2023\/12\/IMG_4530-1536x1024.jpg 1536w, https:\/\/apaecl.org.br\/wp-content\/uploads\/2023\/12\/IMG_4530-2048x1365.jpg 2048w\" sizes=\"(max-width: 1024px) 100vw, 1024px\" \/><\/figure>\n","protected":false},"excerpt":{"rendered":"<p>De 21 a 27\/8 \u00e9 comemorada a\u00a0Semana Nacional da Pessoa com Defici\u00eancia Intelectual e M\u00faltipla. A data foi institu\u00edda pela\u00a0Lei n\u00ba 13.585\/2.017\u00a0e\u00a0visa ao desenvolvimento de conte\u00fados para conscientizar a sociedade sobre as necessidades espec\u00edficas de organiza\u00e7\u00e3o social e de pol\u00edticas p\u00fablicas para promover a inclus\u00e3o social desse segmento populacional e para combater o preconceito e [&hellip;]<\/p>\n","protected":false},"author":2,"featured_media":894,"comment_status":"open","ping_status":"open","sticky":false,"template":"","format":"standard","meta":{"footnotes":""},"categories":[1],"tags":[],"class_list":["post-1044","post","type-post","status-publish","format-standard","has-post-thumbnail","hentry","category-blog"],"_links":{"self":[{"href":"https:\/\/apaecl.org.br\/index.php\/wp-json\/wp\/v2\/posts\/1044"}],"collection":[{"href":"https:\/\/apaecl.org.br\/index.php\/wp-json\/wp\/v2\/posts"}],"about":[{"href":"https:\/\/apaecl.org.br\/index.php\/wp-json\/wp\/v2\/types\/post"}],"author":[{"embeddable":true,"href":"https:\/\/apaecl.org.br\/index.php\/wp-json\/wp\/v2\/users\/2"}],"replies":[{"embeddable":true,"href":"https:\/\/apaecl.org.br\/index.php\/wp-json\/wp\/v2\/comments?post=1044"}],"version-history":[{"count":1,"href":"https:\/\/apaecl.org.br\/index.php\/wp-json\/wp\/v2\/posts\/1044\/revisions"}],"predecessor-version":[{"id":1045,"href":"https:\/\/apaecl.org.br\/index.php\/wp-json\/wp\/v2\/posts\/1044\/revisions\/1045"}],"wp:featuredmedia":[{"embeddable":true,"href":"https:\/\/apaecl.org.br\/index.php\/wp-json\/wp\/v2\/media\/894"}],"wp:attachment":[{"href":"https:\/\/apaecl.org.br\/index.php\/wp-json\/wp\/v2\/media?parent=1044"}],"wp:term":[{"taxonomy":"category","embeddable":true,"href":"https:\/\/apaecl.org.br\/index.php\/wp-json\/wp\/v2\/categories?post=1044"},{"taxonomy":"post_tag","embeddable":true,"href":"https:\/\/apaecl.org.br\/index.php\/wp-json\/wp\/v2\/tags?post=1044"}],"curies":[{"name":"wp","href":"https:\/\/api.w.org\/{rel}","templated":true}]}}