{"id":1102,"date":"2024-02-19T14:15:24","date_gmt":"2024-02-19T17:15:24","guid":{"rendered":"https:\/\/apaecl.org.br\/?p=1102"},"modified":"2024-02-19T14:15:24","modified_gmt":"2024-02-19T17:15:24","slug":"projeto-despertar","status":"publish","type":"post","link":"https:\/\/apaecl.org.br\/index.php\/2024\/02\/19\/projeto-despertar\/","title":{"rendered":"PROJETO DESPERTAR"},"content":{"rendered":"\n<p class=\"has-black-color has-text-color has-link-color wp-elements-851a194d99aba7b487b865e424cc2248\">Foi um projeto idealizado para dar oportunidade aos alunos atrav\u00e9s de aulas de m\u00fasica, o desenvolvimento de suas habilidades, aten\u00e7\u00e3o, concentra\u00e7\u00e3o, autoestima, disciplina, no\u00e7\u00f5es de tempo e espa\u00e7o, e consequentemente a supera\u00e7\u00e3o do limite, o respeito, a amizade, o esp\u00edrito cooperativo e por fim a socializa\u00e7\u00e3o com a comunidade em geral, valorizando, tamb\u00e9m, a cultura nacional e exaltando os valores da P\u00e1tria.<\/p>\n\n\n\n<p class=\"has-black-color has-text-color has-link-color wp-elements-f9cca56b2e955a7e03c0340cc78872f1\">A yoga \u00e9 uma filosofia e pratica que se preocupa em trabalhar o corpo e a mente, por meio de exerc\u00edcios corporais, respirat\u00f3rios e de concentra\u00e7\u00e3o, contribui para melhorar a flexibilidade do corpo, resultando em mais equil\u00edbrio e foco. &nbsp;Para viabilizar a proposta necessitamos de dois profissionais um com conhecimentos de m\u00fasica e de instrumentos musicais e sonoros e outro com qualifica\u00e7\u00e3o para dar aulas de yoga.<\/p>\n\n\n\n<figure class=\"wp-block-image size-large is-resized\"><img loading=\"lazy\" decoding=\"async\" width=\"683\" height=\"1024\" src=\"https:\/\/apaecl.org.br\/wp-content\/uploads\/2023\/12\/IMG_4653-683x1024.jpg\" alt=\"\" class=\"wp-image-951\" style=\"width:457px;height:auto\" srcset=\"https:\/\/apaecl.org.br\/wp-content\/uploads\/2023\/12\/IMG_4653-683x1024.jpg 683w, https:\/\/apaecl.org.br\/wp-content\/uploads\/2023\/12\/IMG_4653-200x300.jpg 200w, https:\/\/apaecl.org.br\/wp-content\/uploads\/2023\/12\/IMG_4653-768x1152.jpg 768w, https:\/\/apaecl.org.br\/wp-content\/uploads\/2023\/12\/IMG_4653-1024x1536.jpg 1024w, https:\/\/apaecl.org.br\/wp-content\/uploads\/2023\/12\/IMG_4653-1365x2048.jpg 1365w, https:\/\/apaecl.org.br\/wp-content\/uploads\/2023\/12\/IMG_4653-scaled.jpg 1707w\" sizes=\"(max-width: 683px) 100vw, 683px\" \/><\/figure>\n\n\n\n<figure class=\"wp-block-image size-large is-resized\"><img loading=\"lazy\" decoding=\"async\" width=\"683\" height=\"1024\" src=\"https:\/\/apaecl.org.br\/wp-content\/uploads\/2023\/12\/IMG_4654-683x1024.jpg\" alt=\"\" class=\"wp-image-952\" style=\"width:464px;height:auto\" srcset=\"https:\/\/apaecl.org.br\/wp-content\/uploads\/2023\/12\/IMG_4654-683x1024.jpg 683w, https:\/\/apaecl.org.br\/wp-content\/uploads\/2023\/12\/IMG_4654-200x300.jpg 200w, https:\/\/apaecl.org.br\/wp-content\/uploads\/2023\/12\/IMG_4654-768x1152.jpg 768w, https:\/\/apaecl.org.br\/wp-content\/uploads\/2023\/12\/IMG_4654-1024x1536.jpg 1024w, https:\/\/apaecl.org.br\/wp-content\/uploads\/2023\/12\/IMG_4654-1365x2048.jpg 1365w, https:\/\/apaecl.org.br\/wp-content\/uploads\/2023\/12\/IMG_4654-scaled.jpg 1707w\" sizes=\"(max-width: 683px) 100vw, 683px\" \/><\/figure>\n\n\n\n<figure class=\"wp-block-image size-large is-resized\"><img loading=\"lazy\" decoding=\"async\" width=\"683\" height=\"1024\" src=\"https:\/\/apaecl.org.br\/wp-content\/uploads\/2023\/12\/IMG_4657-683x1024.jpg\" alt=\"\" class=\"wp-image-955\" style=\"width:464px;height:auto\" srcset=\"https:\/\/apaecl.org.br\/wp-content\/uploads\/2023\/12\/IMG_4657-683x1024.jpg 683w, https:\/\/apaecl.org.br\/wp-content\/uploads\/2023\/12\/IMG_4657-200x300.jpg 200w, https:\/\/apaecl.org.br\/wp-content\/uploads\/2023\/12\/IMG_4657-768x1152.jpg 768w, https:\/\/apaecl.org.br\/wp-content\/uploads\/2023\/12\/IMG_4657-1024x1536.jpg 1024w, https:\/\/apaecl.org.br\/wp-content\/uploads\/2023\/12\/IMG_4657-1365x2048.jpg 1365w, https:\/\/apaecl.org.br\/wp-content\/uploads\/2023\/12\/IMG_4657-scaled.jpg 1707w\" sizes=\"(max-width: 683px) 100vw, 683px\" \/><\/figure>\n\n\n\n<figure class=\"wp-block-image size-large is-resized\"><img loading=\"lazy\" decoding=\"async\" width=\"899\" height=\"1024\" src=\"https:\/\/apaecl.org.br\/wp-content\/uploads\/2024\/02\/WhatsApp-Image-2023-08-16-at-20.48.54-1-899x1024.jpeg\" alt=\"\" class=\"wp-image-1103\" style=\"width:463px;height:auto\" srcset=\"https:\/\/apaecl.org.br\/wp-content\/uploads\/2024\/02\/WhatsApp-Image-2023-08-16-at-20.48.54-1-899x1024.jpeg 899w, https:\/\/apaecl.org.br\/wp-content\/uploads\/2024\/02\/WhatsApp-Image-2023-08-16-at-20.48.54-1-263x300.jpeg 263w, https:\/\/apaecl.org.br\/wp-content\/uploads\/2024\/02\/WhatsApp-Image-2023-08-16-at-20.48.54-1-768x875.jpeg 768w, https:\/\/apaecl.org.br\/wp-content\/uploads\/2024\/02\/WhatsApp-Image-2023-08-16-at-20.48.54-1-1348x1536.jpeg 1348w, https:\/\/apaecl.org.br\/wp-content\/uploads\/2024\/02\/WhatsApp-Image-2023-08-16-at-20.48.54-1.jpeg 1404w\" sizes=\"(max-width: 899px) 100vw, 899px\" \/><\/figure>\n\n\n\n<figure class=\"wp-block-image size-large is-resized\"><img loading=\"lazy\" decoding=\"async\" width=\"1024\" height=\"768\" src=\"https:\/\/apaecl.org.br\/wp-content\/uploads\/2024\/02\/WhatsApp-Image-2023-08-16-at-21.17.53-1024x768.jpeg\" alt=\"\" class=\"wp-image-1105\" style=\"width:464px;height:auto\" srcset=\"https:\/\/apaecl.org.br\/wp-content\/uploads\/2024\/02\/WhatsApp-Image-2023-08-16-at-21.17.53-1024x768.jpeg 1024w, https:\/\/apaecl.org.br\/wp-content\/uploads\/2024\/02\/WhatsApp-Image-2023-08-16-at-21.17.53-300x225.jpeg 300w, https:\/\/apaecl.org.br\/wp-content\/uploads\/2024\/02\/WhatsApp-Image-2023-08-16-at-21.17.53-768x576.jpeg 768w, https:\/\/apaecl.org.br\/wp-content\/uploads\/2024\/02\/WhatsApp-Image-2023-08-16-at-21.17.53-1536x1152.jpeg 1536w, https:\/\/apaecl.org.br\/wp-content\/uploads\/2024\/02\/WhatsApp-Image-2023-08-16-at-21.17.53.jpeg 1600w\" sizes=\"(max-width: 1024px) 100vw, 1024px\" \/><\/figure>\n","protected":false},"excerpt":{"rendered":"<p>Foi um projeto idealizado para dar oportunidade aos alunos atrav\u00e9s de aulas de m\u00fasica, o desenvolvimento de suas habilidades, aten\u00e7\u00e3o, concentra\u00e7\u00e3o, autoestima, disciplina, no\u00e7\u00f5es de tempo e espa\u00e7o, e consequentemente a supera\u00e7\u00e3o do limite, o respeito, a amizade, o esp\u00edrito cooperativo e por fim a socializa\u00e7\u00e3o com a comunidade em geral, valorizando, tamb\u00e9m, a cultura [&hellip;]<\/p>\n","protected":false},"author":2,"featured_media":957,"comment_status":"open","ping_status":"open","sticky":false,"template":"","format":"standard","meta":{"footnotes":""},"categories":[1],"tags":[],"class_list":["post-1102","post","type-post","status-publish","format-standard","has-post-thumbnail","hentry","category-blog"],"_links":{"self":[{"href":"https:\/\/apaecl.org.br\/index.php\/wp-json\/wp\/v2\/posts\/1102"}],"collection":[{"href":"https:\/\/apaecl.org.br\/index.php\/wp-json\/wp\/v2\/posts"}],"about":[{"href":"https:\/\/apaecl.org.br\/index.php\/wp-json\/wp\/v2\/types\/post"}],"author":[{"embeddable":true,"href":"https:\/\/apaecl.org.br\/index.php\/wp-json\/wp\/v2\/users\/2"}],"replies":[{"embeddable":true,"href":"https:\/\/apaecl.org.br\/index.php\/wp-json\/wp\/v2\/comments?post=1102"}],"version-history":[{"count":1,"href":"https:\/\/apaecl.org.br\/index.php\/wp-json\/wp\/v2\/posts\/1102\/revisions"}],"predecessor-version":[{"id":1106,"href":"https:\/\/apaecl.org.br\/index.php\/wp-json\/wp\/v2\/posts\/1102\/revisions\/1106"}],"wp:featuredmedia":[{"embeddable":true,"href":"https:\/\/apaecl.org.br\/index.php\/wp-json\/wp\/v2\/media\/957"}],"wp:attachment":[{"href":"https:\/\/apaecl.org.br\/index.php\/wp-json\/wp\/v2\/media?parent=1102"}],"wp:term":[{"taxonomy":"category","embeddable":true,"href":"https:\/\/apaecl.org.br\/index.php\/wp-json\/wp\/v2\/categories?post=1102"},{"taxonomy":"post_tag","embeddable":true,"href":"https:\/\/apaecl.org.br\/index.php\/wp-json\/wp\/v2\/tags?post=1102"}],"curies":[{"name":"wp","href":"https:\/\/api.w.org\/{rel}","templated":true}]}}