{"id":2696,"date":"2025-05-08T09:01:12","date_gmt":"2025-05-08T12:01:12","guid":{"rendered":"https:\/\/apaecl.org.br\/?p=2696"},"modified":"2025-05-13T15:59:44","modified_gmt":"2025-05-13T18:59:44","slug":"festival-do-trabalhador-doacao-de-alimentos","status":"publish","type":"post","link":"https:\/\/apaecl.org.br\/index.php\/2025\/05\/08\/festival-do-trabalhador-doacao-de-alimentos\/","title":{"rendered":"Festival do Trabalhador: doa\u00e7\u00e3o de alimentos"},"content":{"rendered":"\n<p>A APAE agradece \u00e0 @Prefeitura de Conselheiro Lafaiete, ao prefeito @Leandro Chagas e a todos que contribu\u00edram com a valiosa doa\u00e7\u00e3o de alimentos arrecadados durante o Festival do Trabalhador realizado no dia 02\/05\/2025. Esse gesto de solidariedade transformou o evento em uma verdadeira corrente do bem, beneficiando varias institui\u00e7\u00f5es, entre elas a nossa. Nossa gratid\u00e3o por essa iniciativa que fortalece e alimenta n\u00e3o apenas o corpo f\u00edsico, mas tamb\u00e9m esperan\u00e7a.<\/p>\n\n\n\n<div class=\"wp-block-columns is-layout-flex wp-container-core-columns-is-layout-1 wp-block-columns-is-layout-flex\">\n<div class=\"wp-block-column is-layout-flow wp-block-column-is-layout-flow\">\n<figure class=\"wp-block-image size-large\"><img loading=\"lazy\" decoding=\"async\" width=\"768\" height=\"1024\" src=\"https:\/\/apaecl.org.br\/wp-content\/uploads\/2025\/05\/WhatsApp-Image-2025-05-08-at-08.34.21-768x1024.jpeg\" alt=\"\" class=\"wp-image-2699\" srcset=\"https:\/\/apaecl.org.br\/wp-content\/uploads\/2025\/05\/WhatsApp-Image-2025-05-08-at-08.34.21-768x1024.jpeg 768w, https:\/\/apaecl.org.br\/wp-content\/uploads\/2025\/05\/WhatsApp-Image-2025-05-08-at-08.34.21-225x300.jpeg 225w, https:\/\/apaecl.org.br\/wp-content\/uploads\/2025\/05\/WhatsApp-Image-2025-05-08-at-08.34.21-1152x1536.jpeg 1152w, https:\/\/apaecl.org.br\/wp-content\/uploads\/2025\/05\/WhatsApp-Image-2025-05-08-at-08.34.21.jpeg 1200w\" sizes=\"(max-width: 768px) 100vw, 768px\" \/><\/figure>\n<\/div>\n\n\n\n<div class=\"wp-block-column is-layout-flow wp-block-column-is-layout-flow\">\n<figure class=\"wp-block-image size-large\"><img loading=\"lazy\" decoding=\"async\" width=\"1024\" height=\"768\" src=\"https:\/\/apaecl.org.br\/wp-content\/uploads\/2025\/05\/WhatsApp-Image-2025-05-08-at-08.34.21-2-1024x768.jpeg\" alt=\"\" class=\"wp-image-2697\" srcset=\"https:\/\/apaecl.org.br\/wp-content\/uploads\/2025\/05\/WhatsApp-Image-2025-05-08-at-08.34.21-2-1024x768.jpeg 1024w, https:\/\/apaecl.org.br\/wp-content\/uploads\/2025\/05\/WhatsApp-Image-2025-05-08-at-08.34.21-2-300x225.jpeg 300w, https:\/\/apaecl.org.br\/wp-content\/uploads\/2025\/05\/WhatsApp-Image-2025-05-08-at-08.34.21-2-768x576.jpeg 768w, https:\/\/apaecl.org.br\/wp-content\/uploads\/2025\/05\/WhatsApp-Image-2025-05-08-at-08.34.21-2-1536x1152.jpeg 1536w, https:\/\/apaecl.org.br\/wp-content\/uploads\/2025\/05\/WhatsApp-Image-2025-05-08-at-08.34.21-2.jpeg 1600w\" sizes=\"(max-width: 1024px) 100vw, 1024px\" \/><\/figure>\n<\/div>\n\n\n\n<div class=\"wp-block-column is-layout-flow wp-block-column-is-layout-flow\">\n<figure class=\"wp-block-image size-large\"><img loading=\"lazy\" decoding=\"async\" width=\"768\" height=\"1024\" src=\"https:\/\/apaecl.org.br\/wp-content\/uploads\/2025\/05\/WhatsApp-Image-2025-05-08-at-08.34.21-1-768x1024.jpeg\" alt=\"\" class=\"wp-image-2698\" srcset=\"https:\/\/apaecl.org.br\/wp-content\/uploads\/2025\/05\/WhatsApp-Image-2025-05-08-at-08.34.21-1-768x1024.jpeg 768w, https:\/\/apaecl.org.br\/wp-content\/uploads\/2025\/05\/WhatsApp-Image-2025-05-08-at-08.34.21-1-225x300.jpeg 225w, https:\/\/apaecl.org.br\/wp-content\/uploads\/2025\/05\/WhatsApp-Image-2025-05-08-at-08.34.21-1-1152x1536.jpeg 1152w, https:\/\/apaecl.org.br\/wp-content\/uploads\/2025\/05\/WhatsApp-Image-2025-05-08-at-08.34.21-1.jpeg 1200w\" sizes=\"(max-width: 768px) 100vw, 768px\" \/><\/figure>\n<\/div>\n<\/div>\n","protected":false},"excerpt":{"rendered":"<p>A APAE agradece \u00e0 @Prefeitura de Conselheiro Lafaiete, ao prefeito @Leandro Chagas e a todos que contribu\u00edram com a valiosa doa\u00e7\u00e3o de alimentos arrecadados durante o Festival do Trabalhador realizado no dia 02\/05\/2025. Esse gesto de solidariedade transformou o evento em uma verdadeira corrente do bem, beneficiando varias institui\u00e7\u00f5es, entre elas a nossa. Nossa gratid\u00e3o [&hellip;]<\/p>\n","protected":false},"author":2,"featured_media":2698,"comment_status":"open","ping_status":"open","sticky":false,"template":"","format":"standard","meta":{"footnotes":""},"categories":[1,9,13],"tags":[],"class_list":["post-2696","post","type-post","status-publish","format-standard","has-post-thumbnail","hentry","category-blog","category-eventos","category-noticias"],"_links":{"self":[{"href":"https:\/\/apaecl.org.br\/index.php\/wp-json\/wp\/v2\/posts\/2696"}],"collection":[{"href":"https:\/\/apaecl.org.br\/index.php\/wp-json\/wp\/v2\/posts"}],"about":[{"href":"https:\/\/apaecl.org.br\/index.php\/wp-json\/wp\/v2\/types\/post"}],"author":[{"embeddable":true,"href":"https:\/\/apaecl.org.br\/index.php\/wp-json\/wp\/v2\/users\/2"}],"replies":[{"embeddable":true,"href":"https:\/\/apaecl.org.br\/index.php\/wp-json\/wp\/v2\/comments?post=2696"}],"version-history":[{"count":3,"href":"https:\/\/apaecl.org.br\/index.php\/wp-json\/wp\/v2\/posts\/2696\/revisions"}],"predecessor-version":[{"id":2732,"href":"https:\/\/apaecl.org.br\/index.php\/wp-json\/wp\/v2\/posts\/2696\/revisions\/2732"}],"wp:featuredmedia":[{"embeddable":true,"href":"https:\/\/apaecl.org.br\/index.php\/wp-json\/wp\/v2\/media\/2698"}],"wp:attachment":[{"href":"https:\/\/apaecl.org.br\/index.php\/wp-json\/wp\/v2\/media?parent=2696"}],"wp:term":[{"taxonomy":"category","embeddable":true,"href":"https:\/\/apaecl.org.br\/index.php\/wp-json\/wp\/v2\/categories?post=2696"},{"taxonomy":"post_tag","embeddable":true,"href":"https:\/\/apaecl.org.br\/index.php\/wp-json\/wp\/v2\/tags?post=2696"}],"curies":[{"name":"wp","href":"https:\/\/api.w.org\/{rel}","templated":true}]}}